{"id":9969,"date":"2024-05-17T18:41:26","date_gmt":"2024-05-17T18:41:26","guid":{"rendered":"https:\/\/transportesfesokile.cl\/?p=9969"},"modified":"2024-05-17T18:41:26","modified_gmt":"2024-05-17T18:41:26","slug":"transporte-por-carga-consolidada-en-arica","status":"publish","type":"post","link":"https:\/\/transportesfesokile.cl\/index.php\/transporte-por-carga-consolidada-en-arica\/","title":{"rendered":"TRANSPORTE POR CARGA CONSOLIDADA EN ARICA"},"content":{"rendered":"<p>En Arica, ofrecemos un servicio de transporte por carga consolidada dise\u00f1ado para satisfacer las necesidades de nuestros clientes de manera eficiente y econ\u00f3mica. Con este servicio, agrupamos m\u00faltiples env\u00edos en un mismo contenedor o veh\u00edculo de carga, lo que permite reducir costos y optimizar recursos. Nuestro equipo de expertos en log\u00edstica se encarga de coordinar cada env\u00edo para garantizar una entrega segura y puntual. \u00a1Conf\u00eda en nosotros para tus necesidades de transporte por carga consolidada en Arica!<\/p>\n<p>&nbsp;<\/p>\n<div class=\"divtags\">\n<h1>TRANSPORTES DE CARGAS CONSOLIDADAS<\/h1>\n<h1>SERVICIO DE TRANSPORTE POR CARGA CONSOLIDADA EN ARICA<\/h1>\n<h1>CARGAS CONSOLIDADAS EN ARICA<\/h1>\n<\/div>\n","protected":false},"excerpt":{"rendered":"<p>En Arica, ofrecemos un servicio de transporte por carga consolidada dise\u00f1ado para satisfacer las necesidades de nuestros clientes de manera eficiente y econ\u00f3mica. Con este servicio, agrupamos m\u00faltiples env\u00edos en un mismo contenedor o veh\u00edculo de carga, lo que permite reducir costos y optimizar recursos. Nuestro equipo de expertos en log\u00edstica se encarga de coordinar&#8230;<\/p>\n","protected":false},"author":3,"featured_media":9669,"comment_status":"closed","ping_status":"closed","sticky":false,"template":"","format":"standard","meta":{"footnotes":""},"categories":[114],"tags":[],"class_list":["post-9969","post","type-post","status-publish","format-standard","has-post-thumbnail","hentry","category-blog"],"_links":{"self":[{"href":"https:\/\/transportesfesokile.cl\/index.php\/wp-json\/wp\/v2\/posts\/9969"}],"collection":[{"href":"https:\/\/transportesfesokile.cl\/index.php\/wp-json\/wp\/v2\/posts"}],"about":[{"href":"https:\/\/transportesfesokile.cl\/index.php\/wp-json\/wp\/v2\/types\/post"}],"author":[{"embeddable":true,"href":"https:\/\/transportesfesokile.cl\/index.php\/wp-json\/wp\/v2\/users\/3"}],"replies":[{"embeddable":true,"href":"https:\/\/transportesfesokile.cl\/index.php\/wp-json\/wp\/v2\/comments?post=9969"}],"version-history":[{"count":0,"href":"https:\/\/transportesfesokile.cl\/index.php\/wp-json\/wp\/v2\/posts\/9969\/revisions"}],"wp:featuredmedia":[{"embeddable":true,"href":"https:\/\/transportesfesokile.cl\/index.php\/wp-json\/wp\/v2\/media\/9669"}],"wp:attachment":[{"href":"https:\/\/transportesfesokile.cl\/index.php\/wp-json\/wp\/v2\/media?parent=9969"}],"wp:term":[{"taxonomy":"category","embeddable":true,"href":"https:\/\/transportesfesokile.cl\/index.php\/wp-json\/wp\/v2\/categories?post=9969"},{"taxonomy":"post_tag","embeddable":true,"href":"https:\/\/transportesfesokile.cl\/index.php\/wp-json\/wp\/v2\/tags?post=9969"}],"curies":[{"name":"wp","href":"https:\/\/api.w.org\/{rel}","templated":true}]}}