{"id":9967,"date":"2024-05-17T18:37:57","date_gmt":"2024-05-17T18:37:57","guid":{"rendered":"https:\/\/transportesfesokile.cl\/?p=9967"},"modified":"2024-05-17T18:37:57","modified_gmt":"2024-05-17T18:37:57","slug":"transporte-de-mudanzas-en-arica","status":"publish","type":"post","link":"https:\/\/transportesfesokile.cl\/index.php\/transporte-de-mudanzas-en-arica\/","title":{"rendered":"TRANSPORTE DE MUDANZAS EN ARICA"},"content":{"rendered":"<p>Si est\u00e1s planeando una mudanza en Arica, nuestro servicio de transporte de mudanzas es tu mejor aliado. Contamos con una amplia flota de veh\u00edculos y un equipo de profesionales altamente capacitados para garantizar un traslado seguro y eficiente de tus pertenencias. Nos encargamos de cada etapa del proceso, desde el embalaje hasta la entrega en tu nuevo hogar, para que puedas disfrutar de una mudanza sin preocupaciones. \u00a1Cont\u00e1ctanos ahora para m\u00e1s informaci\u00f3n y reserva tu servicio de transporte de mudanzas en Arica!<\/p>\n<p>&nbsp;<\/p>\n<div class=\"divtags\">\n<h1>MUDANZAS<\/h1>\n<h1>MUDANZAS EN ARICA<\/h1>\n<h1>SERVICIO DE TRANSPORTE DE MUDANZAS EN ARICA<\/h1>\n<\/div>\n","protected":false},"excerpt":{"rendered":"<p>Si est\u00e1s planeando una mudanza en Arica, nuestro servicio de transporte de mudanzas es tu mejor aliado. Contamos con una amplia flota de veh\u00edculos y un equipo de profesionales altamente capacitados para garantizar un traslado seguro y eficiente de tus pertenencias. Nos encargamos de cada etapa del proceso, desde el embalaje hasta la entrega en&#8230;<\/p>\n","protected":false},"author":3,"featured_media":9850,"comment_status":"closed","ping_status":"closed","sticky":false,"template":"","format":"standard","meta":{"footnotes":""},"categories":[114],"tags":[],"class_list":["post-9967","post","type-post","status-publish","format-standard","has-post-thumbnail","hentry","category-blog"],"_links":{"self":[{"href":"https:\/\/transportesfesokile.cl\/index.php\/wp-json\/wp\/v2\/posts\/9967"}],"collection":[{"href":"https:\/\/transportesfesokile.cl\/index.php\/wp-json\/wp\/v2\/posts"}],"about":[{"href":"https:\/\/transportesfesokile.cl\/index.php\/wp-json\/wp\/v2\/types\/post"}],"author":[{"embeddable":true,"href":"https:\/\/transportesfesokile.cl\/index.php\/wp-json\/wp\/v2\/users\/3"}],"replies":[{"embeddable":true,"href":"https:\/\/transportesfesokile.cl\/index.php\/wp-json\/wp\/v2\/comments?post=9967"}],"version-history":[{"count":0,"href":"https:\/\/transportesfesokile.cl\/index.php\/wp-json\/wp\/v2\/posts\/9967\/revisions"}],"wp:featuredmedia":[{"embeddable":true,"href":"https:\/\/transportesfesokile.cl\/index.php\/wp-json\/wp\/v2\/media\/9850"}],"wp:attachment":[{"href":"https:\/\/transportesfesokile.cl\/index.php\/wp-json\/wp\/v2\/media?parent=9967"}],"wp:term":[{"taxonomy":"category","embeddable":true,"href":"https:\/\/transportesfesokile.cl\/index.php\/wp-json\/wp\/v2\/categories?post=9967"},{"taxonomy":"post_tag","embeddable":true,"href":"https:\/\/transportesfesokile.cl\/index.php\/wp-json\/wp\/v2\/tags?post=9967"}],"curies":[{"name":"wp","href":"https:\/\/api.w.org\/{rel}","templated":true}]}}