{"id":10088,"date":"2024-05-20T14:12:11","date_gmt":"2024-05-20T14:12:11","guid":{"rendered":"https:\/\/transportesfesokile.cl\/?p=10088"},"modified":"2024-05-20T14:12:11","modified_gmt":"2024-05-20T14:12:11","slug":"transporte-de-carga-compartida-en-valparaiso","status":"publish","type":"post","link":"https:\/\/transportesfesokile.cl\/index.php\/transporte-de-carga-compartida-en-valparaiso\/","title":{"rendered":"TRANSPORTE DE CARGA COMPARTIDA EN VALPARA\u00cdSO"},"content":{"rendered":"<p>En Valpara\u00edso, ofrecemos un eficiente servicio de transporte de carga compartida que permite a nuestros clientes optimizar costos al compartir el espacio de carga en nuestros veh\u00edculos con otros env\u00edos similares. Esta opci\u00f3n es ideal para quienes buscan una soluci\u00f3n econ\u00f3mica sin sacrificar la calidad del servicio. Nuestro equipo log\u00edstico altamente capacitado se encarga de coordinar cada detalle para garantizar una entrega segura y puntual de las mercanc\u00edas. Conf\u00eda en nosotros para tus necesidades de transporte de carga compartida en Valpara\u00edso.<br \/>\n&nbsp;<\/p>\n<div class=\"divtags\">\n<h1>CARGAS COMPARTIDAS EN VALPARAISO<\/h1>\n<h1>SERVICIO DE TRANSPORTE DE CARGA COMPARTIDA EN VALPARAISO<\/h1>\n<h1>CARGAS COMPARTIDAS<\/h1>\n<\/div>\n","protected":false},"excerpt":{"rendered":"<p>En Valpara\u00edso, ofrecemos un eficiente servicio de transporte de carga compartida que permite a nuestros clientes optimizar costos al compartir el espacio de carga en nuestros veh\u00edculos con otros env\u00edos similares. Esta opci\u00f3n es ideal para quienes buscan una soluci\u00f3n econ\u00f3mica sin sacrificar la calidad del servicio. Nuestro equipo log\u00edstico altamente capacitado se encarga de&#8230;<\/p>\n","protected":false},"author":3,"featured_media":9336,"comment_status":"closed","ping_status":"closed","sticky":false,"template":"","format":"standard","meta":{"footnotes":""},"categories":[114],"tags":[],"class_list":["post-10088","post","type-post","status-publish","format-standard","has-post-thumbnail","hentry","category-blog"],"_links":{"self":[{"href":"https:\/\/transportesfesokile.cl\/index.php\/wp-json\/wp\/v2\/posts\/10088"}],"collection":[{"href":"https:\/\/transportesfesokile.cl\/index.php\/wp-json\/wp\/v2\/posts"}],"about":[{"href":"https:\/\/transportesfesokile.cl\/index.php\/wp-json\/wp\/v2\/types\/post"}],"author":[{"embeddable":true,"href":"https:\/\/transportesfesokile.cl\/index.php\/wp-json\/wp\/v2\/users\/3"}],"replies":[{"embeddable":true,"href":"https:\/\/transportesfesokile.cl\/index.php\/wp-json\/wp\/v2\/comments?post=10088"}],"version-history":[{"count":0,"href":"https:\/\/transportesfesokile.cl\/index.php\/wp-json\/wp\/v2\/posts\/10088\/revisions"}],"wp:featuredmedia":[{"embeddable":true,"href":"https:\/\/transportesfesokile.cl\/index.php\/wp-json\/wp\/v2\/media\/9336"}],"wp:attachment":[{"href":"https:\/\/transportesfesokile.cl\/index.php\/wp-json\/wp\/v2\/media?parent=10088"}],"wp:term":[{"taxonomy":"category","embeddable":true,"href":"https:\/\/transportesfesokile.cl\/index.php\/wp-json\/wp\/v2\/categories?post=10088"},{"taxonomy":"post_tag","embeddable":true,"href":"https:\/\/transportesfesokile.cl\/index.php\/wp-json\/wp\/v2\/tags?post=10088"}],"curies":[{"name":"wp","href":"https:\/\/api.w.org\/{rel}","templated":true}]}}