{"id":10032,"date":"2024-05-17T20:34:25","date_gmt":"2024-05-17T20:34:25","guid":{"rendered":"https:\/\/transportesfesokile.cl\/?p=10032"},"modified":"2024-05-17T20:34:25","modified_gmt":"2024-05-17T20:34:25","slug":"transporte-de-mudanzas-en-iquique","status":"publish","type":"post","link":"https:\/\/transportesfesokile.cl\/index.php\/transporte-de-mudanzas-en-iquique\/","title":{"rendered":"TRANSPORTE DE MUDANZAS EN IQUIQUE"},"content":{"rendered":"<p>Si est\u00e1s planificando una mudanza en Iquique, nuestro servicio de transporte de mudanzas es tu mejor opci\u00f3n. Contamos con una flota de veh\u00edculos modernos y un equipo de profesionales altamente capacitados para garantizar que tu mudanza se realice de manera segura y eficiente. Nos encargamos de cada etapa del proceso, desde el embalaje hasta la entrega en tu nuevo hogar, para que puedas disfrutar de una mudanza sin preocupaciones. Conf\u00eda en nosotros para tus necesidades de transporte de mudanzas en Iquique.<br \/>\n&nbsp;<\/p>\n<div class=\"divtags\">\n<h1>MUDANZAS<\/h1>\n<h1>MUDANZAS EN IQUIQUE<\/h1>\n<h1>SERVICIO DE TRANSPORTE DE MUDANZAS EN IQUIQUE<\/h1>\n<\/div>\n","protected":false},"excerpt":{"rendered":"<p>Si est\u00e1s planificando una mudanza en Iquique, nuestro servicio de transporte de mudanzas es tu mejor opci\u00f3n. Contamos con una flota de veh\u00edculos modernos y un equipo de profesionales altamente capacitados para garantizar que tu mudanza se realice de manera segura y eficiente. Nos encargamos de cada etapa del proceso, desde el embalaje hasta la&#8230;<\/p>\n","protected":false},"author":3,"featured_media":9668,"comment_status":"closed","ping_status":"closed","sticky":false,"template":"","format":"standard","meta":{"footnotes":""},"categories":[114],"tags":[],"class_list":["post-10032","post","type-post","status-publish","format-standard","has-post-thumbnail","hentry","category-blog"],"_links":{"self":[{"href":"https:\/\/transportesfesokile.cl\/index.php\/wp-json\/wp\/v2\/posts\/10032"}],"collection":[{"href":"https:\/\/transportesfesokile.cl\/index.php\/wp-json\/wp\/v2\/posts"}],"about":[{"href":"https:\/\/transportesfesokile.cl\/index.php\/wp-json\/wp\/v2\/types\/post"}],"author":[{"embeddable":true,"href":"https:\/\/transportesfesokile.cl\/index.php\/wp-json\/wp\/v2\/users\/3"}],"replies":[{"embeddable":true,"href":"https:\/\/transportesfesokile.cl\/index.php\/wp-json\/wp\/v2\/comments?post=10032"}],"version-history":[{"count":0,"href":"https:\/\/transportesfesokile.cl\/index.php\/wp-json\/wp\/v2\/posts\/10032\/revisions"}],"wp:featuredmedia":[{"embeddable":true,"href":"https:\/\/transportesfesokile.cl\/index.php\/wp-json\/wp\/v2\/media\/9668"}],"wp:attachment":[{"href":"https:\/\/transportesfesokile.cl\/index.php\/wp-json\/wp\/v2\/media?parent=10032"}],"wp:term":[{"taxonomy":"category","embeddable":true,"href":"https:\/\/transportesfesokile.cl\/index.php\/wp-json\/wp\/v2\/categories?post=10032"},{"taxonomy":"post_tag","embeddable":true,"href":"https:\/\/transportesfesokile.cl\/index.php\/wp-json\/wp\/v2\/tags?post=10032"}],"curies":[{"name":"wp","href":"https:\/\/api.w.org\/{rel}","templated":true}]}}